{"id":28382,"date":"2016-07-06T16:03:17","date_gmt":"2016-07-06T16:03:17","guid":{"rendered":"https:\/\/contemporaneaeventi.com\/?p=28382"},"modified":"2025-09-02T14:18:25","modified_gmt":"2025-09-02T13:18:25","slug":"vigesima-edicion-barcelona-meeting-point","status":"publish","type":"post","link":"https:\/\/contemporaneaeventi.com\/es\/vigesima-edicion-barcelona-meeting-point\/","title":{"rendered":"Stands de dise\u00f1o en la vig\u00e9sima edici\u00f3n del Barcelona Meeting Point"},"content":{"rendered":"<p style=\"text-align: justify;\">Esta semana en el blog vamos a hablar de todas las ferias que tendr\u00e1n lugar en Barcelona durante el oto\u00f1o. As\u00ed que hoy es el turno de\u00a0<a href=\"http:\/\/www.bmpsa.com\/\"><strong>Barcelona Meeting Point<\/strong><\/a> que este a\u00f1o se celebrar\u00e1 desde el mi\u00e9rcoles 19 al domingo 23 de octubre en\u00a0Fira Barcelona. Es una feria anual que cumple 20\u00a0a\u00f1os y se considera el evento de referencia en el sector inmobiliario en Barcelona.<\/p>\n<p style=\"text-align: justify;\">En 1997 se hizo la primera edici\u00f3n a cargo del Consorcio de la Zona Franca. Su popularidad ha ido en aumento a\u00f1o tras a\u00f1o y su importancia es a nivel nacional e internacional. El pasado a\u00f1o participaron 280 empresas de 15 pa\u00edses distintos como Francia, Reino Unido, B\u00e9lgica, China, Rusia, etc. Es una feria que re\u00fane a todos los profesionales del sector alrededor del mundo como agentes de propiedad inmobiliaria, inversores europeos, entidades financieras y los grandes fondos de inversi\u00f3n internacional. Es un evento que da la oportunidad de conocer las \u00faltimas novedades del sector inmobiliario, buscar financiaci\u00f3n o encontrar inversores para tu proyecto.<\/p>\n<p style=\"text-align: justify;\">El Barcelona Meeting Point es una feria en la que se pueden encontrar distintos salones para dividir las especialidades de la industria inmobiliaria:<\/p>\n<p style=\"text-align: justify;\">1.En el <strong>Sal\u00f3n Profesional e Internacional<\/strong> se exponen las \u00faltimas tendencias, proyectos y servicios que ofrecen las distintas empresas que participan. Abarca a todos los profesionales del sector como promotoras y gestoras de inmobiliaria, empresas constructoras, arquitectos, ingenieros, entidades financieras, instituciones p\u00fablicas, bufetes de abogados, etc.<\/p>\n<ul>\n<li style=\"text-align: justify;\">En el sal\u00f3n se incluye un \u00e1rea exclusiva que recibe el nombre de <strong>Cl\u00faster de Inversiones<\/strong>, dedicada al negocio entre los profesionales de la inversi\u00f3n. El\u00a0espacio \u201cShop in Barcelona. Real Estate\u201d es\u00a0la zona central de reuniones donde se encuentra el \u201cBusiness Lounge\u201d. Tiene todas las comodidades para establecer contactos y ventas con los agentes inmobiliarios de distintas partes del mundo como Francia, Rusia, Alemania, Holanda o B\u00e9lgica. Tambi\u00e9n hay una zona de exposici\u00f3n que sirve para establecer el primer contacto con los clientes potenciales.<\/li>\n<\/ul>\n<p style=\"text-align: justify;\">2.El <strong>Sal\u00f3n Gran P\u00fablico<\/strong>\u00a0est\u00e1\u00a0dirigido al ciudadano interesado en el sector. Se ofrecen servicios y productos relacionados con la compra o alquiler de todo tipo de construcciones. Tales como locales, oficinas, parkings, naves industriales, chalets, solares, viviendas, casas apareadas, etc. Estrechamente relacionado con la venta de inmuebles tambi\u00e9n se pueden encontrar las empresas de financiaci\u00f3n como por ejemplo conocer los cr\u00e9ditos hipotecarios y el tipo de seguros que se presentan.<\/p>\n<ul style=\"text-align: justify;\">\n<li>El <strong>Symposium Internacional<\/strong> sirve para debatir los temas m\u00e1s relevantes del sector entre los expertos de la profesi\u00f3n. Se hacen m\u00e1s de 40 sesiones relacionados con la actualidad inmobiliaria con 130 ponentes nacionales e internacionales que exponen sus ideas. Los temas que se tratan van relacionados con el inmobiliario nacional e internacional para llevar a cabo t\u00e9cnicas de venta, sostenibilidad o financiaci\u00f3n. En el Symposium colaboran asociaciones inmobiliarias de relevancia como son el Global Real Estate Institute o el Urban Land Institute. \u00a0Tambi\u00e9n se a\u00f1aden ESADE y IESE, dos escuelas de negocios de gran prestigio.<\/li>\n<\/ul>\n<p style=\"text-align: justify;\">La novedad de esta\u00a0vig\u00e9sima edici\u00f3n del Barcelona Meeting Point es una nueva zona que lleva el nombre de <strong>Reform Point<\/strong>. Es una zona de exposici\u00f3n para empresas vinculadas al sector de las reformas, instalaciones y rehabilitaci\u00f3n de edificios para un uso comercial o privado.<\/p>\n<p style=\"text-align: justify;\">Si quieres saber m\u00e1s acerca de la feria en su <a href=\"http:\/\/www.bmpsa.com\/es-es\/\">web oficial<\/a> encontrar\u00e1s toda la informaci\u00f3n que necesites. Y si\u00a0 a\u00fan tienes dudas sobre si exponer o no en la feria nosotros te damos los primeros paso a seguir antes de ir a una feria y las claves para conseguir el \u00e9xito definitivo en nuestro post \ud83d\ude00<\/p>\n<p style=\"text-align: justify;\"><strong>\u00a0\u00a1Feliz 20 cumplea\u00f1os Barcelona Meeting Point!<\/strong><\/p>\n","protected":false},"excerpt":{"rendered":"<p>Esta semana en el blog vamos a hablar de todas las ferias que tendr\u00e1n lugar en Barcelona durante el oto\u00f1o. As\u00ed que hoy es el turno de\u00a0Barcelona Meeting Point que este a\u00f1o se celebrar\u00e1 desde el mi\u00e9rcoles 19 al domingo [&hellip;]<\/p>\n","protected":false},"author":1,"featured_media":42856,"comment_status":"open","ping_status":"open","sticky":false,"template":"","format":"standard","meta":{"inline_featured_image":false,"footnotes":""},"categories":[318],"tags":[],"class_list":["post-28382","post","type-post","status-publish","format-standard","has-post-thumbnail","hentry","category-ferias"],"yoast_head":"<!-- This site is optimized with the Yoast SEO plugin v27.5 - https:\/\/yoast.com\/product\/yoast-seo-wordpress\/ -->\n<title>Stands de dise\u00f1o en la 20\u00aa edici\u00f3n del BMP | Contemporanea Eventi<\/title>\n<meta name=\"description\" content=\"Esta semana en el blog vamos a hablar de todas las ferias que tendr\u00e1n lugar en Barcelona durante el oto\u00f1o.As\u00ed que hoy es el turno de Barcelona Meeting Point\" \/>\n<meta name=\"robots\" content=\"index, follow, max-snippet:-1, max-image-preview:large, max-video-preview:-1\" \/>\n<link rel=\"canonical\" href=\"https:\/\/contemporaneaeventi.com\/es\/vigesima-edicion-barcelona-meeting-point\/\" \/>\n<meta property=\"og:locale\" content=\"es_ES\" \/>\n<meta property=\"og:type\" content=\"article\" \/>\n<meta property=\"og:title\" content=\"Stands de dise\u00f1o en la 20\u00aa edici\u00f3n del BMP | Contemporanea Eventi\" \/>\n<meta property=\"og:description\" content=\"Esta semana en el blog vamos a hablar de todas las ferias que tendr\u00e1n lugar en Barcelona durante el oto\u00f1o.As\u00ed que hoy es el turno de Barcelona Meeting Point\" \/>\n<meta property=\"og:url\" content=\"https:\/\/contemporaneaeventi.com\/es\/vigesima-edicion-barcelona-meeting-point\/\" \/>\n<meta property=\"og:site_name\" content=\"Contemporanea Eventi\" \/>\n<meta property=\"article:published_time\" content=\"2016-07-06T16:03:17+00:00\" \/>\n<meta property=\"article:modified_time\" content=\"2025-09-02T13:18:25+00:00\" \/>\n<meta property=\"og:image\" content=\"https:\/\/contemporaneaeventi.com\/wp-content\/uploads\/2016\/07\/feria-barcelona-meeting-point-1024x483-1.webp\" \/>\n\t<meta property=\"og:image:width\" content=\"1024\" \/>\n\t<meta property=\"og:image:height\" content=\"483\" \/>\n\t<meta property=\"og:image:type\" content=\"image\/webp\" \/>\n<meta name=\"author\" content=\"eventi\" \/>\n<meta name=\"twitter:card\" content=\"summary_large_image\" \/>\n<meta name=\"twitter:label1\" content=\"Escrito por\" \/>\n\t<meta name=\"twitter:data1\" content=\"eventi\" \/>\n\t<meta name=\"twitter:label2\" content=\"Tiempo de lectura\" \/>\n\t<meta name=\"twitter:data2\" content=\"3 minutos\" \/>\n<script type=\"application\/ld+json\" class=\"yoast-schema-graph\">{\"@context\":\"https:\\\/\\\/schema.org\",\"@graph\":[{\"@type\":\"Article\",\"@id\":\"https:\\\/\\\/contemporaneaeventi.com\\\/es\\\/vigesima-edicion-barcelona-meeting-point\\\/#article\",\"isPartOf\":{\"@id\":\"https:\\\/\\\/contemporaneaeventi.com\\\/es\\\/vigesima-edicion-barcelona-meeting-point\\\/\"},\"author\":{\"name\":\"eventi\",\"@id\":\"https:\\\/\\\/www.contemporaneaeventi.com\\\/es\\\/#\\\/schema\\\/person\\\/17b91eb16238a4cdb517c9c4719d9208\"},\"headline\":\"Stands de dise\u00f1o en la vig\u00e9sima edici\u00f3n del Barcelona Meeting Point\",\"datePublished\":\"2016-07-06T16:03:17+00:00\",\"dateModified\":\"2025-09-02T13:18:25+00:00\",\"mainEntityOfPage\":{\"@id\":\"https:\\\/\\\/contemporaneaeventi.com\\\/es\\\/vigesima-edicion-barcelona-meeting-point\\\/\"},\"wordCount\":649,\"commentCount\":0,\"publisher\":{\"@id\":\"https:\\\/\\\/www.contemporaneaeventi.com\\\/es\\\/#organization\"},\"image\":{\"@id\":\"https:\\\/\\\/contemporaneaeventi.com\\\/es\\\/vigesima-edicion-barcelona-meeting-point\\\/#primaryimage\"},\"thumbnailUrl\":\"https:\\\/\\\/contemporaneaeventi.com\\\/wp-content\\\/uploads\\\/2016\\\/07\\\/feria-barcelona-meeting-point-1024x483-1.webp\",\"articleSection\":[\"Ferias\"],\"inLanguage\":\"es\",\"potentialAction\":[{\"@type\":\"CommentAction\",\"name\":\"Comment\",\"target\":[\"https:\\\/\\\/contemporaneaeventi.com\\\/es\\\/vigesima-edicion-barcelona-meeting-point\\\/#respond\"]}]},{\"@type\":[\"WebPage\",\"ItemPage\"],\"@id\":\"https:\\\/\\\/contemporaneaeventi.com\\\/es\\\/vigesima-edicion-barcelona-meeting-point\\\/\",\"url\":\"https:\\\/\\\/contemporaneaeventi.com\\\/es\\\/vigesima-edicion-barcelona-meeting-point\\\/\",\"name\":\"Stands de dise\u00f1o en la 20\u00aa edici\u00f3n del BMP | Contemporanea Eventi\",\"isPartOf\":{\"@id\":\"https:\\\/\\\/www.contemporaneaeventi.com\\\/es\\\/#website\"},\"primaryImageOfPage\":{\"@id\":\"https:\\\/\\\/contemporaneaeventi.com\\\/es\\\/vigesima-edicion-barcelona-meeting-point\\\/#primaryimage\"},\"image\":{\"@id\":\"https:\\\/\\\/contemporaneaeventi.com\\\/es\\\/vigesima-edicion-barcelona-meeting-point\\\/#primaryimage\"},\"thumbnailUrl\":\"https:\\\/\\\/contemporaneaeventi.com\\\/wp-content\\\/uploads\\\/2016\\\/07\\\/feria-barcelona-meeting-point-1024x483-1.webp\",\"datePublished\":\"2016-07-06T16:03:17+00:00\",\"dateModified\":\"2025-09-02T13:18:25+00:00\",\"description\":\"Esta semana en el blog vamos a hablar de todas las ferias que tendr\u00e1n lugar en Barcelona durante el oto\u00f1o.As\u00ed que hoy es el turno de Barcelona Meeting Point\",\"breadcrumb\":{\"@id\":\"https:\\\/\\\/contemporaneaeventi.com\\\/es\\\/vigesima-edicion-barcelona-meeting-point\\\/#breadcrumb\"},\"inLanguage\":\"es\",\"potentialAction\":[{\"@type\":\"ReadAction\",\"target\":[\"https:\\\/\\\/contemporaneaeventi.com\\\/es\\\/vigesima-edicion-barcelona-meeting-point\\\/\"]}]},{\"@type\":\"ImageObject\",\"inLanguage\":\"es\",\"@id\":\"https:\\\/\\\/contemporaneaeventi.com\\\/es\\\/vigesima-edicion-barcelona-meeting-point\\\/#primaryimage\",\"url\":\"https:\\\/\\\/contemporaneaeventi.com\\\/wp-content\\\/uploads\\\/2016\\\/07\\\/feria-barcelona-meeting-point-1024x483-1.webp\",\"contentUrl\":\"https:\\\/\\\/contemporaneaeventi.com\\\/wp-content\\\/uploads\\\/2016\\\/07\\\/feria-barcelona-meeting-point-1024x483-1.webp\",\"width\":1024,\"height\":483},{\"@type\":\"BreadcrumbList\",\"@id\":\"https:\\\/\\\/contemporaneaeventi.com\\\/es\\\/vigesima-edicion-barcelona-meeting-point\\\/#breadcrumb\",\"itemListElement\":[{\"@type\":\"ListItem\",\"position\":1,\"name\":\"Portada\",\"item\":\"https:\\\/\\\/contemporaneaeventi.com\\\/es\\\/\"},{\"@type\":\"ListItem\",\"position\":2,\"name\":\"Stands de dise\u00f1o en la vig\u00e9sima edici\u00f3n del Barcelona Meeting Point\"}]},{\"@type\":\"WebSite\",\"@id\":\"https:\\\/\\\/www.contemporaneaeventi.com\\\/es\\\/#website\",\"url\":\"https:\\\/\\\/www.contemporaneaeventi.com\\\/es\\\/\",\"name\":\"Contemporanea Eventi\",\"description\":\"Contemporanea Eventi - WE \u2764 STANDS\",\"publisher\":{\"@id\":\"https:\\\/\\\/www.contemporaneaeventi.com\\\/es\\\/#organization\"},\"potentialAction\":[{\"@type\":\"SearchAction\",\"target\":{\"@type\":\"EntryPoint\",\"urlTemplate\":\"https:\\\/\\\/www.contemporaneaeventi.com\\\/es\\\/?s={search_term_string}\"},\"query-input\":{\"@type\":\"PropertyValueSpecification\",\"valueRequired\":true,\"valueName\":\"search_term_string\"}}],\"inLanguage\":\"es\"},{\"@type\":\"Organization\",\"@id\":\"https:\\\/\\\/www.contemporaneaeventi.com\\\/es\\\/#organization\",\"name\":\"Contemporanea Eventi\",\"alternateName\":\"Contemporanea Eventi\",\"url\":\"https:\\\/\\\/www.contemporaneaeventi.com\\\/es\\\/\",\"logo\":{\"@type\":\"ImageObject\",\"inLanguage\":\"es\",\"@id\":\"https:\\\/\\\/www.contemporaneaeventi.com\\\/es\\\/#\\\/schema\\\/logo\\\/image\\\/\",\"url\":\"https:\\\/\\\/contemporaneaeventi.com\\\/wp-content\\\/uploads\\\/2023\\\/05\\\/07-home.jpg\",\"contentUrl\":\"https:\\\/\\\/contemporaneaeventi.com\\\/wp-content\\\/uploads\\\/2023\\\/05\\\/07-home.jpg\",\"width\":900,\"height\":900,\"caption\":\"Contemporanea Eventi\"},\"image\":{\"@id\":\"https:\\\/\\\/www.contemporaneaeventi.com\\\/es\\\/#\\\/schema\\\/logo\\\/image\\\/\"}},{\"@type\":\"Person\",\"@id\":\"https:\\\/\\\/www.contemporaneaeventi.com\\\/es\\\/#\\\/schema\\\/person\\\/17b91eb16238a4cdb517c9c4719d9208\",\"name\":\"eventi\",\"image\":{\"@type\":\"ImageObject\",\"inLanguage\":\"es\",\"@id\":\"https:\\\/\\\/secure.gravatar.com\\\/avatar\\\/e2bb2f789a28687f9207906a8fe91d88201144ef25820c1ffc4ad86be6a5cff5?s=96&d=mm&r=g\",\"url\":\"https:\\\/\\\/secure.gravatar.com\\\/avatar\\\/e2bb2f789a28687f9207906a8fe91d88201144ef25820c1ffc4ad86be6a5cff5?s=96&d=mm&r=g\",\"contentUrl\":\"https:\\\/\\\/secure.gravatar.com\\\/avatar\\\/e2bb2f789a28687f9207906a8fe91d88201144ef25820c1ffc4ad86be6a5cff5?s=96&d=mm&r=g\",\"caption\":\"eventi\"},\"sameAs\":[\"https:\\\/\\\/contemporaneaeventi.com\"],\"url\":\"https:\\\/\\\/contemporaneaeventi.com\\\/es\\\/author\\\/eventi\\\/\"}]}<\/script>\n<!-- \/ Yoast SEO plugin. -->","yoast_head_json":{"title":"Stands de dise\u00f1o en la 20\u00aa edici\u00f3n del BMP | Contemporanea Eventi","description":"Esta semana en el blog vamos a hablar de todas las ferias que tendr\u00e1n lugar en Barcelona durante el oto\u00f1o.As\u00ed que hoy es el turno de Barcelona Meeting Point","robots":{"index":"index","follow":"follow","max-snippet":"max-snippet:-1","max-image-preview":"max-image-preview:large","max-video-preview":"max-video-preview:-1"},"canonical":"https:\/\/contemporaneaeventi.com\/es\/vigesima-edicion-barcelona-meeting-point\/","og_locale":"es_ES","og_type":"article","og_title":"Stands de dise\u00f1o en la 20\u00aa edici\u00f3n del BMP | Contemporanea Eventi","og_description":"Esta semana en el blog vamos a hablar de todas las ferias que tendr\u00e1n lugar en Barcelona durante el oto\u00f1o.As\u00ed que hoy es el turno de Barcelona Meeting Point","og_url":"https:\/\/contemporaneaeventi.com\/es\/vigesima-edicion-barcelona-meeting-point\/","og_site_name":"Contemporanea Eventi","article_published_time":"2016-07-06T16:03:17+00:00","article_modified_time":"2025-09-02T13:18:25+00:00","og_image":[{"width":1024,"height":483,"url":"https:\/\/contemporaneaeventi.com\/wp-content\/uploads\/2016\/07\/feria-barcelona-meeting-point-1024x483-1.webp","type":"image\/webp"}],"author":"eventi","twitter_card":"summary_large_image","twitter_misc":{"Escrito por":"eventi","Tiempo de lectura":"3 minutos"},"schema":{"@context":"https:\/\/schema.org","@graph":[{"@type":"Article","@id":"https:\/\/contemporaneaeventi.com\/es\/vigesima-edicion-barcelona-meeting-point\/#article","isPartOf":{"@id":"https:\/\/contemporaneaeventi.com\/es\/vigesima-edicion-barcelona-meeting-point\/"},"author":{"name":"eventi","@id":"https:\/\/www.contemporaneaeventi.com\/es\/#\/schema\/person\/17b91eb16238a4cdb517c9c4719d9208"},"headline":"Stands de dise\u00f1o en la vig\u00e9sima edici\u00f3n del Barcelona Meeting Point","datePublished":"2016-07-06T16:03:17+00:00","dateModified":"2025-09-02T13:18:25+00:00","mainEntityOfPage":{"@id":"https:\/\/contemporaneaeventi.com\/es\/vigesima-edicion-barcelona-meeting-point\/"},"wordCount":649,"commentCount":0,"publisher":{"@id":"https:\/\/www.contemporaneaeventi.com\/es\/#organization"},"image":{"@id":"https:\/\/contemporaneaeventi.com\/es\/vigesima-edicion-barcelona-meeting-point\/#primaryimage"},"thumbnailUrl":"https:\/\/contemporaneaeventi.com\/wp-content\/uploads\/2016\/07\/feria-barcelona-meeting-point-1024x483-1.webp","articleSection":["Ferias"],"inLanguage":"es","potentialAction":[{"@type":"CommentAction","name":"Comment","target":["https:\/\/contemporaneaeventi.com\/es\/vigesima-edicion-barcelona-meeting-point\/#respond"]}]},{"@type":["WebPage","ItemPage"],"@id":"https:\/\/contemporaneaeventi.com\/es\/vigesima-edicion-barcelona-meeting-point\/","url":"https:\/\/contemporaneaeventi.com\/es\/vigesima-edicion-barcelona-meeting-point\/","name":"Stands de dise\u00f1o en la 20\u00aa edici\u00f3n del BMP | Contemporanea Eventi","isPartOf":{"@id":"https:\/\/www.contemporaneaeventi.com\/es\/#website"},"primaryImageOfPage":{"@id":"https:\/\/contemporaneaeventi.com\/es\/vigesima-edicion-barcelona-meeting-point\/#primaryimage"},"image":{"@id":"https:\/\/contemporaneaeventi.com\/es\/vigesima-edicion-barcelona-meeting-point\/#primaryimage"},"thumbnailUrl":"https:\/\/contemporaneaeventi.com\/wp-content\/uploads\/2016\/07\/feria-barcelona-meeting-point-1024x483-1.webp","datePublished":"2016-07-06T16:03:17+00:00","dateModified":"2025-09-02T13:18:25+00:00","description":"Esta semana en el blog vamos a hablar de todas las ferias que tendr\u00e1n lugar en Barcelona durante el oto\u00f1o.As\u00ed que hoy es el turno de Barcelona Meeting Point","breadcrumb":{"@id":"https:\/\/contemporaneaeventi.com\/es\/vigesima-edicion-barcelona-meeting-point\/#breadcrumb"},"inLanguage":"es","potentialAction":[{"@type":"ReadAction","target":["https:\/\/contemporaneaeventi.com\/es\/vigesima-edicion-barcelona-meeting-point\/"]}]},{"@type":"ImageObject","inLanguage":"es","@id":"https:\/\/contemporaneaeventi.com\/es\/vigesima-edicion-barcelona-meeting-point\/#primaryimage","url":"https:\/\/contemporaneaeventi.com\/wp-content\/uploads\/2016\/07\/feria-barcelona-meeting-point-1024x483-1.webp","contentUrl":"https:\/\/contemporaneaeventi.com\/wp-content\/uploads\/2016\/07\/feria-barcelona-meeting-point-1024x483-1.webp","width":1024,"height":483},{"@type":"BreadcrumbList","@id":"https:\/\/contemporaneaeventi.com\/es\/vigesima-edicion-barcelona-meeting-point\/#breadcrumb","itemListElement":[{"@type":"ListItem","position":1,"name":"Portada","item":"https:\/\/contemporaneaeventi.com\/es\/"},{"@type":"ListItem","position":2,"name":"Stands de dise\u00f1o en la vig\u00e9sima edici\u00f3n del Barcelona Meeting Point"}]},{"@type":"WebSite","@id":"https:\/\/www.contemporaneaeventi.com\/es\/#website","url":"https:\/\/www.contemporaneaeventi.com\/es\/","name":"Contemporanea Eventi","description":"Contemporanea Eventi - WE \u2764 STANDS","publisher":{"@id":"https:\/\/www.contemporaneaeventi.com\/es\/#organization"},"potentialAction":[{"@type":"SearchAction","target":{"@type":"EntryPoint","urlTemplate":"https:\/\/www.contemporaneaeventi.com\/es\/?s={search_term_string}"},"query-input":{"@type":"PropertyValueSpecification","valueRequired":true,"valueName":"search_term_string"}}],"inLanguage":"es"},{"@type":"Organization","@id":"https:\/\/www.contemporaneaeventi.com\/es\/#organization","name":"Contemporanea Eventi","alternateName":"Contemporanea Eventi","url":"https:\/\/www.contemporaneaeventi.com\/es\/","logo":{"@type":"ImageObject","inLanguage":"es","@id":"https:\/\/www.contemporaneaeventi.com\/es\/#\/schema\/logo\/image\/","url":"https:\/\/contemporaneaeventi.com\/wp-content\/uploads\/2023\/05\/07-home.jpg","contentUrl":"https:\/\/contemporaneaeventi.com\/wp-content\/uploads\/2023\/05\/07-home.jpg","width":900,"height":900,"caption":"Contemporanea Eventi"},"image":{"@id":"https:\/\/www.contemporaneaeventi.com\/es\/#\/schema\/logo\/image\/"}},{"@type":"Person","@id":"https:\/\/www.contemporaneaeventi.com\/es\/#\/schema\/person\/17b91eb16238a4cdb517c9c4719d9208","name":"eventi","image":{"@type":"ImageObject","inLanguage":"es","@id":"https:\/\/secure.gravatar.com\/avatar\/e2bb2f789a28687f9207906a8fe91d88201144ef25820c1ffc4ad86be6a5cff5?s=96&d=mm&r=g","url":"https:\/\/secure.gravatar.com\/avatar\/e2bb2f789a28687f9207906a8fe91d88201144ef25820c1ffc4ad86be6a5cff5?s=96&d=mm&r=g","contentUrl":"https:\/\/secure.gravatar.com\/avatar\/e2bb2f789a28687f9207906a8fe91d88201144ef25820c1ffc4ad86be6a5cff5?s=96&d=mm&r=g","caption":"eventi"},"sameAs":["https:\/\/contemporaneaeventi.com"],"url":"https:\/\/contemporaneaeventi.com\/es\/author\/eventi\/"}]}},"_links":{"self":[{"href":"https:\/\/contemporaneaeventi.com\/es\/wp-json\/wp\/v2\/posts\/28382","targetHints":{"allow":["GET"]}}],"collection":[{"href":"https:\/\/contemporaneaeventi.com\/es\/wp-json\/wp\/v2\/posts"}],"about":[{"href":"https:\/\/contemporaneaeventi.com\/es\/wp-json\/wp\/v2\/types\/post"}],"author":[{"embeddable":true,"href":"https:\/\/contemporaneaeventi.com\/es\/wp-json\/wp\/v2\/users\/1"}],"replies":[{"embeddable":true,"href":"https:\/\/contemporaneaeventi.com\/es\/wp-json\/wp\/v2\/comments?post=28382"}],"version-history":[{"count":5,"href":"https:\/\/contemporaneaeventi.com\/es\/wp-json\/wp\/v2\/posts\/28382\/revisions"}],"predecessor-version":[{"id":48232,"href":"https:\/\/contemporaneaeventi.com\/es\/wp-json\/wp\/v2\/posts\/28382\/revisions\/48232"}],"wp:featuredmedia":[{"embeddable":true,"href":"https:\/\/contemporaneaeventi.com\/es\/wp-json\/wp\/v2\/media\/42856"}],"wp:attachment":[{"href":"https:\/\/contemporaneaeventi.com\/es\/wp-json\/wp\/v2\/media?parent=28382"}],"wp:term":[{"taxonomy":"category","embeddable":true,"href":"https:\/\/contemporaneaeventi.com\/es\/wp-json\/wp\/v2\/categories?post=28382"},{"taxonomy":"post_tag","embeddable":true,"href":"https:\/\/contemporaneaeventi.com\/es\/wp-json\/wp\/v2\/tags?post=28382"}],"curies":[{"name":"wp","href":"https:\/\/api.w.org\/{rel}","templated":true}]}}